{"id":9589,"date":"2025-09-17T15:48:32","date_gmt":"2025-09-17T12:48:32","guid":{"rendered":"https:\/\/www.turk.net\/blog\/?p=9589"},"modified":"2025-10-07T15:50:13","modified_gmt":"2025-10-07T12:50:13","slug":"emily-in-paris-dizisi-5-sezon-yayin-tarihi-konusu-ve-oyunculari","status":"publish","type":"post","link":"https:\/\/www.turk.net\/blog\/emily-in-paris-dizisi-5-sezon-yayin-tarihi-konusu-ve-oyunculari\/","title":{"rendered":"Emily in Paris Dizisi 5. Sezon Yay\u0131n Tarihi, Konusu ve Oyuncular\u0131"},"content":{"rendered":"<p><span style=\"font-weight: 400;\">Ekranlar\u0131n en pop\u00fcler yap\u0131mlar\u0131ndan Emily in Paris, be\u015finci sezonuyla izleyicilerini yeniden b\u00fcy\u00fclemeye haz\u0131rlan\u0131yor. Emily&#8217;nin Paris&#8217;teki maceralar\u0131n\u0131n yan\u0131 s\u0131ra Roma&#8217;da ba\u015flayacak yeni hik\u00e2yesi, bu sezonun en merak edilen konular\u0131ndan biri. Peki, yeni sezonda bizleri neler bekliyor, hangi oyuncular kadroda yer alacak ve en \u00f6nemlisi 5. sezon ne zaman yay\u0131nlanacak?<\/span><\/p>\n<h2><span style=\"font-weight: 400;\">Emily in Paris Dizisinin Konusu<\/span><\/h2>\n<p><span style=\"font-weight: 400;\">Emily in Paris dizisinin konusu, Chicago&#8217;da ya\u015fayan gen\u00e7 ve h\u0131rsl\u0131 bir pazarlama y\u00f6neticisi olan Emily Cooper&#8217;\u0131n hayat\u0131n\u0131n beklenmedik bir \u015fekilde de\u011fi\u015fmesini ele al\u0131r. Paris&#8217;teki l\u00fcks bir pazarlama \u015firketine i\u015fe g\u00f6nderilmesiyle Emily, yeni bir k\u00fclt\u00fcre, dile ve ya\u015fama uyum sa\u011flamaya \u00e7al\u0131\u015f\u0131r.<\/span><\/p>\n<p><span style=\"font-weight: 400;\">Dizi, Emily&#8217;nin Paris&#8217;teki profesyonel ya\u015fam\u0131n\u0131, k\u00fclt\u00fcrel farkl\u0131l\u0131klarla m\u00fccadelesini ve bir yandan da romantik ili\u015fkiler kurma \u00e7abas\u0131n\u0131 mizahi bir dille anlat\u0131r. Giyimi, sosyal medya stratejileri ve Amerikal\u0131 bak\u0131\u015f a\u00e7\u0131s\u0131yla Paris&#8217;in geleneksel moda ve pazarlama d\u00fcnyas\u0131na getirdi\u011fi taze soluk, hik\u00e2yenin ana hatlar\u0131n\u0131 olu\u015fturur.<\/span><\/p>\n<h2><span style=\"font-weight: 400;\">Emily in Paris 5. Sezonunda Neler Olacak?<\/span><\/h2>\n<p><span style=\"font-weight: 400;\">Emily in Paris\u2019in 4. sezonu, hem kariyer hem de a\u015fk hayat\u0131nda kritik d\u00f6n\u00fcm noktalar\u0131yla sona ermi\u015fti. Emily\u2019nin Gabriel\u2019e olan duygular\u0131 giderek g\u00fc\u00e7lenmi\u015f, Alfie ile olan ili\u015fkisi ise b\u00fcy\u00fck bir kriz ya\u015fam\u0131\u015ft\u0131. Alfie, Emily\u2019nin Gabriel\u2019i h\u00e2l\u00e2 unutamad\u0131\u011f\u0131n\u0131 fark edince ili\u015fkilerine son vermi\u015fti. \u0130\u015f hayat\u0131nda ise daha fazla sorumluluk \u00fcstlenen Emily, Roma\u2019dan ald\u0131\u011f\u0131 i\u015f teklifiyle kariyerinde yeni bir sayfa a\u00e7m\u0131\u015f ve sezon Roma\u2019ya ta\u015f\u0131nma karar\u0131yla bitmi\u015fti.<\/span><\/p>\n<p><span style=\"font-weight: 400;\">5. sezonda seni Emily\u2019nin Roma\u2019daki yeni hayat\u0131 kar\u015f\u0131layacak. Agence Grateau\u2019nun ba\u015f\u0131nda hem i\u015f hem de a\u015fk a\u00e7\u0131s\u0131ndan zorlu bir d\u00f6neme ad\u0131m atan Emily, \u0130talya\u2019ya uyum sa\u011flamaya \u00e7al\u0131\u015f\u0131rken b\u00fcy\u00fck bir i\u015f giri\u015fiminin ba\u015far\u0131s\u0131z olmas\u0131yla ciddi engellerle kar\u015f\u0131la\u015facak. Bu s\u00fcre\u00e7te onun istikrar aray\u0131\u015f\u0131na, Frans\u0131z ya\u015fam tarz\u0131na daha \u00e7ok ba\u011flanmas\u0131na, yeni ba\u011flar kurmas\u0131na ve hayat\u0131ndaki farkl\u0131 olas\u0131l\u0131klar\u0131 ke\u015ffetmesine tan\u0131k olacaks\u0131n.<\/span><\/p>\n<p><span style=\"font-weight: 400;\">Emily in Paris 5. sezon, ayn\u0131 zamanda yeni mek\u00e2nlar\u0131yla da dikkat \u00e7ekecek. B\u00f6l\u00fcmlerin bir k\u0131sm\u0131 Venedik\u2019te ge\u00e7erken, Emily\u2019nin sevgilisi Marcello\u2019nun ailesinin i\u015finde ald\u0131\u011f\u0131 alt\u0131 ayl\u0131k kontrat hik\u00e2yeyi farkl\u0131 bir noktaya ta\u015f\u0131yacak. \u00d6te yandan Gabriel\u2019in Roma\u2019ya gelerek Emily\u2019yi yeniden kazanma \u00e7abalar\u0131, a\u015fk hayat\u0131n\u0131 daha da karma\u015f\u0131k hale getirecek. K\u0131sacas\u0131, Emily\u2019nin profesyonel ve romantik yolculu\u011funda seni bolca s\u00fcrpriz ve heyecan bekliyor.<\/span><\/p>\n<h2><span style=\"font-weight: 400;\">Emily in Paris 5. Sezonda Yeni Karakterler Olacak m\u0131?<\/span><\/h2>\n<p><span style=\"font-weight: 400;\">Emily in Paris\u2019in 5. sezonu, yaln\u0131zca Emily\u2019nin Roma\u2019daki yeni hayat\u0131na odaklanmakla kalm\u0131yor, ayn\u0131 zamanda diziye kat\u0131lan yeni karakterlerle de hik\u00e2yeyi derinle\u015ftiriyor. Bu karakterler \u00f6zellikle Sylvie\u2019nin ge\u00e7mi\u015fine ve sosyal hayat\u0131na farkl\u0131 bir boyut kazand\u0131rarak dizinin dinamiklerini zenginle\u015ftirecek.<\/span><\/p>\n<p><span style=\"font-weight: 400;\">Yeni sezonda Minnie Driver, \u201cPrenses Jane\u201d rol\u00fcyle ekrana gelecek. Sylvie\u2019nin asil bir aileye gelin giden yak\u0131n arkada\u015f\u0131 olan Prenses Jane, hik\u00e2yeye yeni bir aristokrat bak\u0131\u015f a\u00e7\u0131s\u0131 katacak. Bryan Greenberg ise \u201cJake\u201d karakteriyle Paris\u2019te ya\u015fayan Amerikal\u0131 bir isim olarak Emily\u2019nin sosyal \u00e7evresine taze bir enerji getirecek. Ayr\u0131ca Mich\u00e8le Laroque\u2019un hayat verdi\u011fi \u201cYvette\u201d karakteri, Sylvie\u2019nin eski arkada\u015f\u0131 olarak senaryoda yerini alacak.<\/span><\/p>\n<h2><span style=\"font-weight: 400;\">Emily in Paris 5. Sezon Oyuncu Kadrosu<\/span><\/h2>\n<p><span style=\"font-weight: 400;\">Emily in Paris\u2019in 5. sezonunda seni yine tan\u0131d\u0131k y\u00fczler kar\u015f\u0131l\u0131yor. Lily Collins\u2019i Emily rol\u00fcnde izlemeye devam ederken, Ashley Park (Mindy), Philippine Leroy-Beaulieu (Sylvie), Samuel Arnold (Julien), Bruno Gouery (Luc), Lucas Bravo (Gabriel) ve William Abadie (Antoine Lambert) gibi sevdi\u011fin karakterler de yeni sezonda da seninle olacak.<\/span><\/p>\n<p><span style=\"font-weight: 400;\">Ayr\u0131ca Lucien Laviscount\u2019u (Alfie), Eugenio Franceschini\u2019yi (Marcello), Arnaud Binard\u2019\u0131 (Laurent G), Paul Forman\u2019\u0131 (Nico) ve Thalia Besson\u2019u (Genevieve) da 5. sezonda g\u00f6receksin. Ancak Camille Razat, canland\u0131rd\u0131\u011f\u0131 \u201cCamille\u201d karakteriyle bu sezon kadroda yer almayacak.<\/span><\/p>\n<h2><span style=\"font-weight: 400;\">Emily in Paris 5. Sezon \u00c7ekimleri Nerede Yap\u0131ld\u0131?<\/span><\/h2>\n<p><span style=\"font-weight: 400;\">Emily in Paris 5. sezonun \u00e7ekimleri Paris, Roma ve Venedik gibi Avrupa&#8217;n\u0131n ikonik \u015fehirlerinde yap\u0131ld\u0131. \u00d6zellikle Roma ve Venedik, sezonun \u0130talyan atmosferini yans\u0131tmas\u0131 a\u00e7\u0131s\u0131ndan \u00f6nemli mekanlar olarak \u00f6ne \u00e7\u0131k\u0131yor. Paris \u00e7ekimleri ise dizinin karakteristik imaj\u0131n\u0131 koruyor ve hikayenin ana mek\u00e2n\u0131 olmaya devam ediyor.<\/span><\/p>\n<h2><span style=\"font-weight: 400;\">Emily in Paris 5. Sezon Fragman\u0131 Yay\u0131nland\u0131 m\u0131?<\/span><\/h2>\n<p><span style=\"font-weight: 400;\">Netflix, sezonun ilk bak\u0131\u015f g\u00f6r\u00fcnt\u00fclerini ve tan\u0131t\u0131m foto\u011fraflar\u0131n\u0131 yay\u0131nlad\u0131, fakat tam bir resm\u00ee fragman hen\u00fcz yay\u0131nlanm\u0131\u015f de\u011fil.\u00a0<\/span><\/p>\n<h2><span style=\"font-weight: 400;\">Emily in Paris 5. Sezon Ne Zaman Yay\u0131nlanacak?<\/span><\/h2>\n<p><span style=\"font-weight: 400;\">Netflix, &#8220;Emily in Paris&#8221; 5. sezonunun 18 Aral\u0131k 2025&#8217;te yay\u0131nlanaca\u011f\u0131n\u0131 resmen duyurdu.<\/span><\/p>\n<h2><span style=\"font-weight: 400;\">Emily in Paris 5. Sezon Final Sezonu mu Olacak?<\/span><\/h2>\n<p><span style=\"font-weight: 400;\">Baz\u0131 kaynaklar bu sezonun final sezonu oldu\u011funu belirtse de Netflix, Emily in Paris&#8217;in 5. sezonunun final sezonu olup olmayaca\u011f\u0131na dair hen\u00fcz resm\u00ee bir a\u00e7\u0131klama yapmad\u0131. Ancak dizinin yarat\u0131c\u0131s\u0131 Darren Star, daha \u00f6nce yapt\u0131\u011f\u0131 a\u00e7\u0131klamalarda seriyi devam ettirmeye s\u0131cak bakt\u0131\u011f\u0131n\u0131 ve hik\u00e2yenin daha geni\u015f bir evrene yay\u0131labilece\u011fini belirtmi\u015fti.<\/span><\/p>\n<p><a href=\"https:\/\/www.turk.net\/gigafiber\" target=\"_blank\" rel=\"noopener\"><span style=\"font-weight: 400;\">TurkNet GigaFiber<\/span><\/a><span style=\"font-weight: 400;\">, 1.000 Mbps\u2019ye varan y\u00fcksek h\u0131z, d\u00fc\u015f\u00fck ping ve kararl\u0131 ba\u011flant\u0131s\u0131yla sadece oyunlarda de\u011fil, Netflix gibi platformlarda dizi ve film maratonlar\u0131nda da sana fazlas\u0131yla ak\u0131c\u0131 bir deneyimi sunar. Sen de hemen <\/span><a href=\"https:\/\/www.turk.net\/internet-hiz-altyapi-sorgulama\" target=\"_blank\" rel=\"noopener\"><span style=\"font-weight: 400;\">altyap\u0131 sorgulamas\u0131<\/span><\/a><span style=\"font-weight: 400;\"> yaparak adresinde GigaFiber olup olmad\u0131\u011f\u0131n\u0131 \u00f6\u011frenebilir, taahh\u00fcts\u00fcz internet ve <\/span><a href=\"https:\/\/www.turk.net\/baska-operatorden-gecis\" target=\"_blank\" rel=\"noopener\"><span style=\"font-weight: 400;\">ba\u015fka operat\u00f6rden ge\u00e7i\u015f<\/span><\/a><span style=\"font-weight: 400;\"> avantajlar\u0131yla kolayca TurkNet GigaFiberli olabilirsin.\u00a0<\/span><\/p>\n<p><span style=\"font-weight: 400;\">Y\u00fcksek h\u0131z\u0131n, kararl\u0131 ba\u011flant\u0131n\u0131n ve s\u0131n\u0131rs\u0131z \u00f6zg\u00fcrl\u00fc\u011f\u00fcn keyfini \u00e7\u0131karmaya ba\u015flayabilir, Emily in Paris 5. sezonu ba\u015ftan sona ak\u0131c\u0131 bir \u015fekilde izleyebilirsin!<\/span><\/p>\n","protected":false},"excerpt":{"rendered":"<p>Ekranlar\u0131n en pop\u00fcler yap\u0131mlar\u0131ndan Emily in Paris, be\u015finci sezonuyla izleyicilerini yeniden b\u00fcy\u00fclemeye haz\u0131rlan\u0131yor. Emily&#8217;nin Paris&#8217;teki maceralar\u0131n\u0131n yan\u0131 s\u0131ra Roma&#8217;da ba\u015flayacak yeni hik\u00e2yesi, bu sezonun en merak edilen konular\u0131ndan biri. Peki, yeni sezonda bizleri neler bekliyor, hangi oyuncular kadroda yer alacak ve en \u00f6nemlisi 5. sezon ne zaman yay\u0131nlanacak? Emily in Paris Dizisinin Konusu Emily in [&hellip;]<\/p>\n","protected":false},"author":7,"featured_media":9606,"comment_status":"open","ping_status":"open","sticky":false,"template":"","format":"standard","meta":{"footnotes":""},"categories":[1],"tags":[],"class_list":["post-9589","post","type-post","status-publish","format-standard","has-post-thumbnail","hentry","category-guncel-yasam"],"acf":[],"yoast_head":"<!-- This site is optimized with the Yoast SEO plugin v21.6 - https:\/\/yoast.com\/wordpress\/plugins\/seo\/ -->\n<title>Emily in Paris Dizisi 5. Sezon Yay\u0131n Tarihi, Konusu ve Oyuncular\u0131 - Turknet Blog<\/title>\n<meta name=\"description\" content=\"Netflix\u2019in pop\u00fcler dizisi Emily in Paris, 5. sezonuyla geri d\u00f6n\u00fcyor! Yay\u0131n tarihi, konusu ve oyuncu kadrosu hakk\u0131nda merak edilen t\u00fcm detaylar\u0131 \u00f6\u011frenin.\" \/>\n<meta name=\"robots\" content=\"index, follow, max-snippet:-1, max-image-preview:large, max-video-preview:-1\" \/>\n<link rel=\"canonical\" href=\"https:\/\/www.turk.net\/blog\/emily-in-paris-dizisi-5-sezon-yayin-tarihi-konusu-ve-oyunculari\/\" \/>\n<meta property=\"og:locale\" content=\"tr_TR\" \/>\n<meta property=\"og:type\" content=\"article\" \/>\n<meta property=\"og:title\" content=\"Emily in Paris Dizisi 5. Sezon Yay\u0131n Tarihi, Konusu ve Oyuncular\u0131 - Turknet Blog\" \/>\n<meta property=\"og:description\" content=\"Netflix\u2019in pop\u00fcler dizisi Emily in Paris, 5. sezonuyla geri d\u00f6n\u00fcyor! Yay\u0131n tarihi, konusu ve oyuncu kadrosu hakk\u0131nda merak edilen t\u00fcm detaylar\u0131 \u00f6\u011frenin.\" \/>\n<meta property=\"og:url\" content=\"https:\/\/www.turk.net\/blog\/emily-in-paris-dizisi-5-sezon-yayin-tarihi-konusu-ve-oyunculari\/\" \/>\n<meta property=\"og:site_name\" content=\"Turknet Blog\" \/>\n<meta property=\"article:published_time\" content=\"2025-09-17T12:48:32+00:00\" \/>\n<meta property=\"article:modified_time\" content=\"2025-10-07T12:50:13+00:00\" \/>\n<meta property=\"og:image\" content=\"https:\/\/www.turk.net\/blog\/wp-content\/uploads\/emilyinparis-dizisi-5-sezon-yayin-tarihi.jpg\" \/>\n\t<meta property=\"og:image:width\" content=\"1124\" \/>\n\t<meta property=\"og:image:height\" content=\"752\" \/>\n\t<meta property=\"og:image:type\" content=\"image\/jpeg\" \/>\n<meta name=\"author\" content=\"Turknet Blog Admin\" \/>\n<meta name=\"twitter:card\" content=\"summary_large_image\" \/>\n<meta name=\"twitter:label1\" content=\"Yazan:\" \/>\n\t<meta name=\"twitter:data1\" content=\"Turknet Blog Admin\" \/>\n\t<meta name=\"twitter:label2\" content=\"Tahmini okuma s\u00fcresi\" \/>\n\t<meta name=\"twitter:data2\" content=\"5 dakika\" \/>\n<script type=\"application\/ld+json\" class=\"yoast-schema-graph\">{\"@context\":\"https:\/\/schema.org\",\"@graph\":[{\"@type\":\"WebPage\",\"@id\":\"https:\/\/www.turk.net\/blog\/emily-in-paris-dizisi-5-sezon-yayin-tarihi-konusu-ve-oyunculari\/\",\"url\":\"https:\/\/www.turk.net\/blog\/emily-in-paris-dizisi-5-sezon-yayin-tarihi-konusu-ve-oyunculari\/\",\"name\":\"Emily in Paris Dizisi 5. Sezon Yay\u0131n Tarihi, Konusu ve Oyuncular\u0131 - Turknet Blog\",\"isPartOf\":{\"@id\":\"https:\/\/www.turk.net\/blog\/#website\"},\"datePublished\":\"2025-09-17T12:48:32+00:00\",\"dateModified\":\"2025-10-07T12:50:13+00:00\",\"author\":{\"@id\":\"https:\/\/www.turk.net\/blog\/#\/schema\/person\/be66cf5fa51316d9ae87676100375fca\"},\"description\":\"Netflix\u2019in pop\u00fcler dizisi Emily in Paris, 5. sezonuyla geri d\u00f6n\u00fcyor! Yay\u0131n tarihi, konusu ve oyuncu kadrosu hakk\u0131nda merak edilen t\u00fcm detaylar\u0131 \u00f6\u011frenin.\",\"breadcrumb\":{\"@id\":\"https:\/\/www.turk.net\/blog\/emily-in-paris-dizisi-5-sezon-yayin-tarihi-konusu-ve-oyunculari\/#breadcrumb\"},\"inLanguage\":\"tr\",\"potentialAction\":[{\"@type\":\"ReadAction\",\"target\":[\"https:\/\/www.turk.net\/blog\/emily-in-paris-dizisi-5-sezon-yayin-tarihi-konusu-ve-oyunculari\/\"]}]},{\"@type\":\"BreadcrumbList\",\"@id\":\"https:\/\/www.turk.net\/blog\/emily-in-paris-dizisi-5-sezon-yayin-tarihi-konusu-ve-oyunculari\/#breadcrumb\",\"itemListElement\":[{\"@type\":\"ListItem\",\"position\":1,\"name\":\"Anasayfa\",\"item\":\"https:\/\/www.turk.net\/blog\/\"},{\"@type\":\"ListItem\",\"position\":2,\"name\":\"G\u00fcncel Ya\u015fam\",\"item\":\"https:\/\/www.turk.net\/blog\/kategoriler\/guncel-yasam\/\"},{\"@type\":\"ListItem\",\"position\":3,\"name\":\"Emily in Paris Dizisi 5. Sezon Yay\u0131n Tarihi, Konusu ve Oyuncular\u0131\"}]},{\"@type\":\"WebSite\",\"@id\":\"https:\/\/www.turk.net\/blog\/#website\",\"url\":\"https:\/\/www.turk.net\/blog\/\",\"name\":\"Turknet Blog\",\"description\":\"Blog Yaz\u0131lar\u0131 ve Makaleler\",\"potentialAction\":[{\"@type\":\"SearchAction\",\"target\":{\"@type\":\"EntryPoint\",\"urlTemplate\":\"https:\/\/www.turk.net\/blog\/?s={search_term_string}\"},\"query-input\":\"required name=search_term_string\"}],\"inLanguage\":\"tr\"},{\"@type\":\"Person\",\"@id\":\"https:\/\/www.turk.net\/blog\/#\/schema\/person\/be66cf5fa51316d9ae87676100375fca\",\"name\":\"Turknet Blog Admin\"}]}<\/script>\n<!-- \/ Yoast SEO plugin. -->","yoast_head_json":{"title":"Emily in Paris Dizisi 5. Sezon Yay\u0131n Tarihi, Konusu ve Oyuncular\u0131 - Turknet Blog","description":"Netflix\u2019in pop\u00fcler dizisi Emily in Paris, 5. sezonuyla geri d\u00f6n\u00fcyor! Yay\u0131n tarihi, konusu ve oyuncu kadrosu hakk\u0131nda merak edilen t\u00fcm detaylar\u0131 \u00f6\u011frenin.","robots":{"index":"index","follow":"follow","max-snippet":"max-snippet:-1","max-image-preview":"max-image-preview:large","max-video-preview":"max-video-preview:-1"},"canonical":"https:\/\/www.turk.net\/blog\/emily-in-paris-dizisi-5-sezon-yayin-tarihi-konusu-ve-oyunculari\/","og_locale":"tr_TR","og_type":"article","og_title":"Emily in Paris Dizisi 5. Sezon Yay\u0131n Tarihi, Konusu ve Oyuncular\u0131 - Turknet Blog","og_description":"Netflix\u2019in pop\u00fcler dizisi Emily in Paris, 5. sezonuyla geri d\u00f6n\u00fcyor! Yay\u0131n tarihi, konusu ve oyuncu kadrosu hakk\u0131nda merak edilen t\u00fcm detaylar\u0131 \u00f6\u011frenin.","og_url":"https:\/\/www.turk.net\/blog\/emily-in-paris-dizisi-5-sezon-yayin-tarihi-konusu-ve-oyunculari\/","og_site_name":"Turknet Blog","article_published_time":"2025-09-17T12:48:32+00:00","article_modified_time":"2025-10-07T12:50:13+00:00","og_image":[{"width":1124,"height":752,"url":"https:\/\/www.turk.net\/blog\/wp-content\/uploads\/emilyinparis-dizisi-5-sezon-yayin-tarihi.jpg","type":"image\/jpeg"}],"author":"Turknet Blog Admin","twitter_card":"summary_large_image","twitter_misc":{"Yazan:":"Turknet Blog Admin","Tahmini okuma s\u00fcresi":"5 dakika"},"schema":{"@context":"https:\/\/schema.org","@graph":[{"@type":"WebPage","@id":"https:\/\/www.turk.net\/blog\/emily-in-paris-dizisi-5-sezon-yayin-tarihi-konusu-ve-oyunculari\/","url":"https:\/\/www.turk.net\/blog\/emily-in-paris-dizisi-5-sezon-yayin-tarihi-konusu-ve-oyunculari\/","name":"Emily in Paris Dizisi 5. Sezon Yay\u0131n Tarihi, Konusu ve Oyuncular\u0131 - Turknet Blog","isPartOf":{"@id":"https:\/\/www.turk.net\/blog\/#website"},"datePublished":"2025-09-17T12:48:32+00:00","dateModified":"2025-10-07T12:50:13+00:00","author":{"@id":"https:\/\/www.turk.net\/blog\/#\/schema\/person\/be66cf5fa51316d9ae87676100375fca"},"description":"Netflix\u2019in pop\u00fcler dizisi Emily in Paris, 5. sezonuyla geri d\u00f6n\u00fcyor! Yay\u0131n tarihi, konusu ve oyuncu kadrosu hakk\u0131nda merak edilen t\u00fcm detaylar\u0131 \u00f6\u011frenin.","breadcrumb":{"@id":"https:\/\/www.turk.net\/blog\/emily-in-paris-dizisi-5-sezon-yayin-tarihi-konusu-ve-oyunculari\/#breadcrumb"},"inLanguage":"tr","potentialAction":[{"@type":"ReadAction","target":["https:\/\/www.turk.net\/blog\/emily-in-paris-dizisi-5-sezon-yayin-tarihi-konusu-ve-oyunculari\/"]}]},{"@type":"BreadcrumbList","@id":"https:\/\/www.turk.net\/blog\/emily-in-paris-dizisi-5-sezon-yayin-tarihi-konusu-ve-oyunculari\/#breadcrumb","itemListElement":[{"@type":"ListItem","position":1,"name":"Anasayfa","item":"https:\/\/www.turk.net\/blog\/"},{"@type":"ListItem","position":2,"name":"G\u00fcncel Ya\u015fam","item":"https:\/\/www.turk.net\/blog\/kategoriler\/guncel-yasam\/"},{"@type":"ListItem","position":3,"name":"Emily in Paris Dizisi 5. Sezon Yay\u0131n Tarihi, Konusu ve Oyuncular\u0131"}]},{"@type":"WebSite","@id":"https:\/\/www.turk.net\/blog\/#website","url":"https:\/\/www.turk.net\/blog\/","name":"Turknet Blog","description":"Blog Yaz\u0131lar\u0131 ve Makaleler","potentialAction":[{"@type":"SearchAction","target":{"@type":"EntryPoint","urlTemplate":"https:\/\/www.turk.net\/blog\/?s={search_term_string}"},"query-input":"required name=search_term_string"}],"inLanguage":"tr"},{"@type":"Person","@id":"https:\/\/www.turk.net\/blog\/#\/schema\/person\/be66cf5fa51316d9ae87676100375fca","name":"Turknet Blog Admin"}]}},"_links":{"self":[{"href":"https:\/\/www.turk.net\/blog\/wp-json\/wp\/v2\/posts\/9589","targetHints":{"allow":["GET"]}}],"collection":[{"href":"https:\/\/www.turk.net\/blog\/wp-json\/wp\/v2\/posts"}],"about":[{"href":"https:\/\/www.turk.net\/blog\/wp-json\/wp\/v2\/types\/post"}],"author":[{"embeddable":true,"href":"https:\/\/www.turk.net\/blog\/wp-json\/wp\/v2\/users\/7"}],"replies":[{"embeddable":true,"href":"https:\/\/www.turk.net\/blog\/wp-json\/wp\/v2\/comments?post=9589"}],"version-history":[{"count":2,"href":"https:\/\/www.turk.net\/blog\/wp-json\/wp\/v2\/posts\/9589\/revisions"}],"predecessor-version":[{"id":9591,"href":"https:\/\/www.turk.net\/blog\/wp-json\/wp\/v2\/posts\/9589\/revisions\/9591"}],"wp:featuredmedia":[{"embeddable":true,"href":"https:\/\/www.turk.net\/blog\/wp-json\/wp\/v2\/media\/9606"}],"wp:attachment":[{"href":"https:\/\/www.turk.net\/blog\/wp-json\/wp\/v2\/media?parent=9589"}],"wp:term":[{"taxonomy":"category","embeddable":true,"href":"https:\/\/www.turk.net\/blog\/wp-json\/wp\/v2\/categories?post=9589"},{"taxonomy":"post_tag","embeddable":true,"href":"https:\/\/www.turk.net\/blog\/wp-json\/wp\/v2\/tags?post=9589"}],"curies":[{"name":"wp","href":"https:\/\/api.w.org\/{rel}","templated":true}]}}