{"id":8850,"date":"2025-05-29T15:01:17","date_gmt":"2025-05-29T12:01:17","guid":{"rendered":"https:\/\/www.turk.net\/blog\/?p=8850"},"modified":"2025-06-19T10:53:21","modified_gmt":"2025-06-19T07:53:21","slug":"wednesday-geri-donuyor-2-sezon-yayin-tarihi-ve-detaylar","status":"publish","type":"post","link":"https:\/\/www.turk.net\/blog\/wednesday-geri-donuyor-2-sezon-yayin-tarihi-ve-detaylar\/","title":{"rendered":"Wednesday Geri D\u00f6n\u00fcyor! 2. Sezon Yay\u0131n Tarihi ve Detaylar"},"content":{"rendered":"<p><span style=\"font-weight: 400;\">Uzun bir bekleyi\u015fin ard\u0131ndan, Wednesday hayranlar\u0131n\u0131 heyecanland\u0131ran haber geldi: &#8220;Wednesday&#8221; dizisinin ikinci sezonu i\u00e7in yay\u0131n tarihleri netle\u015fti. Pop\u00fcler Netflix dizisi, Gotik prensesimiz Wednesday Addams&#8217;\u0131n Nevermore Akademisi&#8217;ndeki yeni ser\u00fcvenlerini ve kar\u015f\u0131la\u015ft\u0131\u011f\u0131 do\u011fa\u00fcst\u00fc olaylar\u0131 bu kez iki k\u0131s\u0131m h\u00e2linde izleyicilerle bulu\u015fturacak.<\/span><\/p>\n<h2><span style=\"font-weight: 400;\">Wednesday 2. Sezon Ne Zaman Yay\u0131nlanacak?<\/span><\/h2>\n<p><span style=\"font-weight: 400;\">Dizi toplam sekiz b\u00f6l\u00fcmden olu\u015facak. \u0130lk d\u00f6rt b\u00f6l\u00fcm 6 A\u011fustos 2025&#8217;te izleyiciyle bulu\u015furken, kalan d\u00f6rt b\u00f6l\u00fcm ise 3 Eyl\u00fcl 2025&#8217;te yay\u0131nlanacak.<\/span><\/p>\n<h3><span style=\"font-weight: 400;\">Wednesday 2. Sezon Hangi Platformda Yay\u0131nlanacak?<\/span><\/h3>\n<p><span style=\"font-weight: 400;\">Netflix, &#8220;Wednesday&#8221;in ikinci sezonuna ilk sezonda oldu\u011fu gibi yine ev sahipli\u011fi yapacak.<\/span><\/p>\n<h3><span style=\"font-weight: 400;\">Wednesday 2. Sezon Ka\u00e7 B\u00f6l\u00fcm?<\/span><\/h3>\n<p><span style=\"font-weight: 400;\">Wednesday dizisinin 2. sezonu, ilk sezonda oldu\u011fu gibi toplam 8 b\u00f6l\u00fcmden olu\u015facak. Ancak bu sezon, d\u00f6rder b\u00f6l\u00fcm olarak iki k\u0131s\u0131m halinde yay\u0131nlanacak.<\/span><\/p>\n<h3><span style=\"font-weight: 400;\">Wednesday 2. Sezon Nerede \u00c7ekiliyor?<\/span><\/h3>\n<p><span style=\"font-weight: 400;\">Wednesday&#8217;in ikinci sezonu, ilk sezonda oldu\u011fu gibi Romanya&#8217;da de\u011fil, \u0130rlanda&#8217;da \u00e7ekildi. Yakla\u015f\u0131k alt\u0131 ay s\u00fcren prod\u00fcksiyon s\u00fcreci, May\u0131s 2024&#8217;te ba\u015flay\u0131p Aral\u0131k 2024&#8217;te sona erdi. Bu ta\u015f\u0131nman\u0131n arkas\u0131ndaki neden, lojistik zorluklardan \u00f6t\u00fcr\u00fc prod\u00fcksiyonu kolayla\u015ft\u0131rmakt\u0131.<\/span><\/p>\n<p><span style=\"font-weight: 400;\">\u0130rlanda&#8217;n\u0131n do\u011fal yap\u0131s\u0131 ve atmosferi, dizinin o kendine \u00f6zg\u00fc gotik ve gizemli havas\u0131n\u0131 m\u00fckemmel bir \u015fekilde yans\u0131tan mekanlar sunarak \u00e7ekimlerin ba\u015far\u0131l\u0131 bir \u015fekilde tamamlanmas\u0131n\u0131 sa\u011flad\u0131.<\/span><\/p>\n<h2><span style=\"font-weight: 400;\">Wednesday 2. Sezon Oyuncu Kadrosu<\/span><\/h2>\n<p><span style=\"font-weight: 400;\">Wednesday 2. sezon oyuncu kadrosu, ilk sezondan tan\u0131d\u0131k isimlerin yan\u0131 s\u0131ra bir\u00e7ok yeni ve dikkat \u00e7ekici oyuncuyu da i\u00e7eriyor. Ba\u015frolde Jenna Ortega (Wednesday Addams) yer al\u0131yor. Ona e\u015flik eden \u00f6nemli oyuncular aras\u0131nda Emma Myers (Enid Sinclair), Catherine Zeta-Jones (Morticia Addams), Luis Guzm\u00e1n (Gomez Addams), Isaac Ordonez (Pugsley Addams), Joy Sunday (Bianca Barclay) ve Hunter Doohan (Tyler Galpin) bulunuyor.<\/span><\/p>\n<p><span style=\"font-weight: 400;\">Yeni sezonda ise kadroya pek \u00e7ok dikkat \u00e7ekici isim kat\u0131l\u0131yor:<\/span><\/p>\n<ul>\n<li style=\"font-weight: 400;\" aria-level=\"1\"><span style=\"font-weight: 400;\">Steve Buscemi (Barry Dort)<\/span><\/li>\n<li style=\"font-weight: 400;\" aria-level=\"1\"><span style=\"font-weight: 400;\">Lady Gaga<\/span><\/li>\n<li style=\"font-weight: 400;\" aria-level=\"1\"><span style=\"font-weight: 400;\">Thandiwe Newton (Dr. Fairburn)<\/span><\/li>\n<li style=\"font-weight: 400;\" aria-level=\"1\"><span style=\"font-weight: 400;\">Haley Joel Osment<\/span><\/li>\n<li style=\"font-weight: 400;\" aria-level=\"1\"><span style=\"font-weight: 400;\">Noah Taylor<\/span><\/li>\n<li style=\"font-weight: 400;\" aria-level=\"1\"><span style=\"font-weight: 400;\">Christopher Lloyd<\/span><\/li>\n<li style=\"font-weight: 400;\" aria-level=\"1\"><span style=\"font-weight: 400;\">Frances O\u2019Connor<\/span><\/li>\n<li style=\"font-weight: 400;\" aria-level=\"1\"><span style=\"font-weight: 400;\">Billie Piper (Capri)<\/span><\/li>\n<li style=\"font-weight: 400;\" aria-level=\"1\"><span style=\"font-weight: 400;\">Joanna Lumley (Grandma)<\/span><\/li>\n<li style=\"font-weight: 400;\" aria-level=\"1\"><span style=\"font-weight: 400;\">Georgie Farmer (Ajax Petropolus)<\/span><\/li>\n<li style=\"font-weight: 400;\" aria-level=\"1\"><span style=\"font-weight: 400;\">Luyanda Unati Lewis-Nyawo (Sheriff Deputy Ritchie Santiago)<\/span><\/li>\n<li style=\"font-weight: 400;\" aria-level=\"1\"><span style=\"font-weight: 400;\">Evie Templeton<\/span><\/li>\n<li style=\"font-weight: 400;\" aria-level=\"1\"><span style=\"font-weight: 400;\">Owen Painter<\/span><\/li>\n<li style=\"font-weight: 400;\" aria-level=\"1\"><span style=\"font-weight: 400;\">Jamie McShane<\/span><\/li>\n<\/ul>\n<h2><span style=\"font-weight: 400;\">Wednesday 2. Sezon Konusu<\/span><\/h2>\n<p><span style=\"font-weight: 400;\">&#8220;Wednesday&#8221; dizisinin 2. sezonunda, ilk sezondaki do\u011fa\u00fcst\u00fc gizemlerin ve Wednesday&#8217;in Nevermore Akademisi&#8217;ndeki maceralar\u0131n\u0131n daha karanl\u0131k ve karma\u015f\u0131k bir \u015fekilde devam etmesi bekleniyor.<\/span><\/p>\n<p><span style=\"font-weight: 400;\">Wednesday, Nevermore Akademisi&#8217;nde yeni d\u00fc\u015fmanlar ve s\u0131k\u0131nt\u0131larla kar\u015f\u0131la\u015facak. Dizi, &#8220;taze d\u00fc\u015fmanlar ve s\u0131k\u0131nt\u0131lar&#8221; ve &#8220;kemik dondurucu yeni bir do\u011fa\u00fcst\u00fc gizem&#8221; vadediyor. Ge\u00e7mi\u015fte k\u0131sa s\u00fcreli\u011fine g\u00f6r\u00fclen Hyde karakterinin tan\u0131t\u0131mda \u00f6ne \u00e7\u0131kmas\u0131 da dikkat \u00e7ekiyor.<\/span><\/p>\n<p><span style=\"font-weight: 400;\">Addams ailesi, bu sezonda daha fazla \u00f6n planda olacak. Morticia (Catherine Zeta-Jones) ve Gomez (Luis Guzm\u00e1n) rollerine geri d\u00f6nerken, Wednesday&#8217;in erkek karde\u015fi Pugsley (Isaac Ordonez) de okula kat\u0131lacak. Aile s\u0131rlar\u0131 ve bunlar\u0131n olas\u0131 \u00f6l\u00fcmc\u00fcl sonu\u00e7lar\u0131 da hik\u00e2yenin \u00f6nemli bir par\u00e7as\u0131 olacak.<\/span><\/p>\n<p><span style=\"font-weight: 400;\">Jenna Ortega, 2. sezonun \u201cdaha b\u00fcy\u00fck, cesur ve kanl\u0131&#8221; oldu\u011funu belirtmi\u015fti. Bu sezonun daha \u00e7ok korku \u00f6\u011feleri i\u00e7ermesi bekleniyor. Hatta tam bir slasher temal\u0131 b\u00f6l\u00fcm\u00fcn olabilece\u011fi de konu\u015fulanlar aras\u0131nda.<\/span><\/p>\n<h2><span style=\"font-weight: 400;\">Wednesday\u2019in \u0130lk Sezonunda <\/span><span style=\"font-weight: 400;\">Neler Olmu\u015ftu?<\/span><\/h2>\n<p><span style=\"font-weight: 400;\">Wednesday dizisinin ilk sezonu, Addams ailesinin ikonik k\u0131z\u0131 Wednesday Addams&#8217;\u0131n, ailesinin de mezun oldu\u011fu Nevermore Akademisi&#8217;ne g\u00f6nderilmesiyle ba\u015flar. Wednesday, okula uyum sa\u011flamaya \u00e7al\u0131\u015f\u0131rken, z\u0131t karakterdeki oda arkada\u015f\u0131 Enid Sinclair ile beklenmedik bir dostluk kurar ve Xavier ile Tyler aras\u0131nda bir a\u015fk \u00fc\u00e7geninin ortas\u0131nda kal\u0131r.\u00a0<\/span><\/p>\n<p><span style=\"font-weight: 400;\">Burada, okulun ve \u00e7evresindeki kasaban\u0131n gizemini \u00e7\u00f6zmeye \u00e7al\u0131\u015fan Wednesday, bir dizi korkun\u00e7 cinayeti ara\u015ft\u0131rmaya ba\u015flar. Bu s\u00fcre\u00e7te annesinden miras kalan psi\u015fik yetenekleri de geli\u015fir. Soru\u015fturmas\u0131 derinle\u015ftik\u00e7e, Wednesday cinayetlerin Nevermore&#8217;un k\u00f6kl\u00fc tarihi ve kendi Addams ailesiyle ba\u011flant\u0131l\u0131 eski bir s\u0131rr\u0131 ortaya \u00e7\u0131kard\u0131\u011f\u0131n\u0131 fark eder.\u00a0<\/span><\/p>\n<p><span style=\"font-weight: 400;\">Sezonun sonunda, cinayetlerin arkas\u0131ndaki canavar olan Hyde&#8217;\u0131n Tyler oldu\u011fu ve onu kontrol eden ki\u015finin ise Nevermore \u00f6\u011fretmeni Marilyn Thornhill (Christina Ricci) oldu\u011fu anla\u015f\u0131l\u0131r. Thornhill&#8217;in amac\u0131, atalar\u0131n\u0131n intikam\u0131n\u0131 almakt\u0131r. Wednesday ve arkada\u015flar\u0131, Thornhill&#8217;in planlar\u0131n\u0131 durdurmak ve okulu kurtarmak i\u00e7in i\u015f birli\u011fi yapar. \u0130lk sezon, Wednesday&#8217;e yeni bir takip\u00e7inin musallat oldu\u011fu ipucuyla sona erer.<\/span><\/p>\n<p><span style=\"font-weight: 400;\">Yeni sezonuyla heyecan dozunu art\u0131ran Wednesday, karanl\u0131k atmosferi ve s\u00fcr\u00fckleyici olay \u00f6rg\u00fcs\u00fcyle seyircilerini ekran ba\u015f\u0131na kilitlemeye haz\u0131rlan\u0131yor. 6 A\u011fustos&#8217;ta ilk b\u00f6l\u00fcmleri yay\u0131nlanacak bu gotik ser\u00fcveni y\u00fcksek g\u00f6r\u00fcnt\u00fc kalitesinde, kesintisiz izlemek istiyorsan g\u00fc\u00e7l\u00fc bir internet ba\u011flant\u0131s\u0131 \u015fart.\u00a0<\/span><\/p>\n<p><span style=\"font-weight: 400;\">\u0130\u015fte tam bu noktada devreye <\/span><a href=\"https:\/\/www.turk.net\/gigafiber\" target=\"_blank\" rel=\"noopener\"><span style=\"font-weight: 400;\">Turknet GigaFiber<\/span><\/a><span style=\"font-weight: 400;\"> giriyor! 1.000 Mbps\u2019ye varan, y\u00fcksek h\u0131zl\u0131 ve d\u00fc\u015f\u00fck pingli stabil <\/span><a href=\"https:\/\/www.turk.net\/evde-internet\" target=\"_blank\" rel=\"noopener\"><span style=\"font-weight: 400;\">ev interneti<\/span><\/a><span style=\"font-weight: 400;\"> sayesinde Wednesday\u2019in 2. sezonunu ak\u0131c\u0131 \u015fekilde rahatl\u0131kla izleyebilirsin.Y\u00fcksek h\u0131zda internet deneyimi i\u00e7in <\/span><a href=\"https:\/\/www.turk.net\/internet-hiz-altyapi-sorgulama\" target=\"_blank\" rel=\"noopener\"><span style=\"font-weight: 400;\">altyap\u0131n\u0131 sorgula<\/span><\/a><span style=\"font-weight: 400;\"> ve diledi\u011finde <\/span><a href=\"https:\/\/www.turk.net\/baska-operatorden-gecis\" target=\"_blank\" rel=\"noopener\"><span style=\"font-weight: 400;\">ba\u015fka operat\u00f6rden ge\u00e7i\u015f<\/span><\/a><span style=\"font-weight: 400;\"> avantajlar\u0131ndan yararlanarak sen de GigaFiber\u2019le tan\u0131\u015f!<\/span><\/p>\n","protected":false},"excerpt":{"rendered":"<p>Uzun bir bekleyi\u015fin ard\u0131ndan, Wednesday hayranlar\u0131n\u0131 heyecanland\u0131ran haber geldi: &#8220;Wednesday&#8221; dizisinin ikinci sezonu i\u00e7in yay\u0131n tarihleri netle\u015fti. Pop\u00fcler Netflix dizisi, Gotik prensesimiz Wednesday Addams&#8217;\u0131n Nevermore Akademisi&#8217;ndeki yeni ser\u00fcvenlerini ve kar\u015f\u0131la\u015ft\u0131\u011f\u0131 do\u011fa\u00fcst\u00fc olaylar\u0131 bu kez iki k\u0131s\u0131m h\u00e2linde izleyicilerle bulu\u015fturacak. Wednesday 2. Sezon Ne Zaman Yay\u0131nlanacak? Dizi toplam sekiz b\u00f6l\u00fcmden olu\u015facak. \u0130lk d\u00f6rt b\u00f6l\u00fcm 6 A\u011fustos [&hellip;]<\/p>\n","protected":false},"author":7,"featured_media":8852,"comment_status":"open","ping_status":"open","sticky":false,"template":"","format":"standard","meta":{"footnotes":""},"categories":[1],"tags":[],"class_list":["post-8850","post","type-post","status-publish","format-standard","has-post-thumbnail","hentry","category-guncel-yasam"],"acf":[],"yoast_head":"<!-- This site is optimized with the Yoast SEO plugin v21.6 - https:\/\/yoast.com\/wordpress\/plugins\/seo\/ -->\n<title>Wednesday Geri D\u00f6n\u00fcyor! 2. Sezon Yay\u0131n Tarihi ve Detaylar - Turknet Blog<\/title>\n<meta name=\"description\" content=\"Wednesday dizisinin 2. sezonu ne zaman yay\u0131nlanacak? Yeni sezona dair tarih, oyuncu kadrosu ve merak edilen t\u00fcm detaylar bu i\u00e7erikte sizi bekliyor!\" \/>\n<meta name=\"robots\" content=\"index, follow, max-snippet:-1, max-image-preview:large, max-video-preview:-1\" \/>\n<link rel=\"canonical\" href=\"https:\/\/www.turk.net\/blog\/wednesday-geri-donuyor-2-sezon-yayin-tarihi-ve-detaylar\/\" \/>\n<meta property=\"og:locale\" content=\"tr_TR\" \/>\n<meta property=\"og:type\" content=\"article\" \/>\n<meta property=\"og:title\" content=\"Wednesday Geri D\u00f6n\u00fcyor! 2. Sezon Yay\u0131n Tarihi ve Detaylar - Turknet Blog\" \/>\n<meta property=\"og:description\" content=\"Wednesday dizisinin 2. sezonu ne zaman yay\u0131nlanacak? Yeni sezona dair tarih, oyuncu kadrosu ve merak edilen t\u00fcm detaylar bu i\u00e7erikte sizi bekliyor!\" \/>\n<meta property=\"og:url\" content=\"https:\/\/www.turk.net\/blog\/wednesday-geri-donuyor-2-sezon-yayin-tarihi-ve-detaylar\/\" \/>\n<meta property=\"og:site_name\" content=\"Turknet Blog\" \/>\n<meta property=\"article:published_time\" content=\"2025-05-29T12:01:17+00:00\" \/>\n<meta property=\"article:modified_time\" content=\"2025-06-19T07:53:21+00:00\" \/>\n<meta property=\"og:image\" content=\"https:\/\/www.turk.net\/blog\/wp-content\/uploads\/wednesday-geri-donuyor-2-sezon-yayin-tarihi-ve-detaylar.jpg\" \/>\n\t<meta property=\"og:image:width\" content=\"1124\" \/>\n\t<meta property=\"og:image:height\" content=\"752\" \/>\n\t<meta property=\"og:image:type\" content=\"image\/jpeg\" \/>\n<meta name=\"author\" content=\"Turknet Blog Admin\" \/>\n<meta name=\"twitter:card\" content=\"summary_large_image\" \/>\n<meta name=\"twitter:label1\" content=\"Yazan:\" \/>\n\t<meta name=\"twitter:data1\" content=\"Turknet Blog Admin\" \/>\n\t<meta name=\"twitter:label2\" content=\"Tahmini okuma s\u00fcresi\" \/>\n\t<meta name=\"twitter:data2\" content=\"4 dakika\" \/>\n<script type=\"application\/ld+json\" class=\"yoast-schema-graph\">{\"@context\":\"https:\/\/schema.org\",\"@graph\":[{\"@type\":\"WebPage\",\"@id\":\"https:\/\/www.turk.net\/blog\/wednesday-geri-donuyor-2-sezon-yayin-tarihi-ve-detaylar\/\",\"url\":\"https:\/\/www.turk.net\/blog\/wednesday-geri-donuyor-2-sezon-yayin-tarihi-ve-detaylar\/\",\"name\":\"Wednesday Geri D\u00f6n\u00fcyor! 2. Sezon Yay\u0131n Tarihi ve Detaylar - Turknet Blog\",\"isPartOf\":{\"@id\":\"https:\/\/www.turk.net\/blog\/#website\"},\"datePublished\":\"2025-05-29T12:01:17+00:00\",\"dateModified\":\"2025-06-19T07:53:21+00:00\",\"author\":{\"@id\":\"https:\/\/www.turk.net\/blog\/#\/schema\/person\/be66cf5fa51316d9ae87676100375fca\"},\"description\":\"Wednesday dizisinin 2. sezonu ne zaman yay\u0131nlanacak? Yeni sezona dair tarih, oyuncu kadrosu ve merak edilen t\u00fcm detaylar bu i\u00e7erikte sizi bekliyor!\",\"breadcrumb\":{\"@id\":\"https:\/\/www.turk.net\/blog\/wednesday-geri-donuyor-2-sezon-yayin-tarihi-ve-detaylar\/#breadcrumb\"},\"inLanguage\":\"tr\",\"potentialAction\":[{\"@type\":\"ReadAction\",\"target\":[\"https:\/\/www.turk.net\/blog\/wednesday-geri-donuyor-2-sezon-yayin-tarihi-ve-detaylar\/\"]}]},{\"@type\":\"BreadcrumbList\",\"@id\":\"https:\/\/www.turk.net\/blog\/wednesday-geri-donuyor-2-sezon-yayin-tarihi-ve-detaylar\/#breadcrumb\",\"itemListElement\":[{\"@type\":\"ListItem\",\"position\":1,\"name\":\"Anasayfa\",\"item\":\"https:\/\/www.turk.net\/blog\/\"},{\"@type\":\"ListItem\",\"position\":2,\"name\":\"G\u00fcncel Ya\u015fam\",\"item\":\"https:\/\/www.turk.net\/blog\/kategoriler\/guncel-yasam\/\"},{\"@type\":\"ListItem\",\"position\":3,\"name\":\"Wednesday Geri D\u00f6n\u00fcyor! 2. Sezon Yay\u0131n Tarihi ve Detaylar\"}]},{\"@type\":\"WebSite\",\"@id\":\"https:\/\/www.turk.net\/blog\/#website\",\"url\":\"https:\/\/www.turk.net\/blog\/\",\"name\":\"Turknet Blog\",\"description\":\"Blog Yaz\u0131lar\u0131 ve Makaleler\",\"potentialAction\":[{\"@type\":\"SearchAction\",\"target\":{\"@type\":\"EntryPoint\",\"urlTemplate\":\"https:\/\/www.turk.net\/blog\/?s={search_term_string}\"},\"query-input\":\"required name=search_term_string\"}],\"inLanguage\":\"tr\"},{\"@type\":\"Person\",\"@id\":\"https:\/\/www.turk.net\/blog\/#\/schema\/person\/be66cf5fa51316d9ae87676100375fca\",\"name\":\"Turknet Blog Admin\"}]}<\/script>\n<!-- \/ Yoast SEO plugin. -->","yoast_head_json":{"title":"Wednesday Geri D\u00f6n\u00fcyor! 2. Sezon Yay\u0131n Tarihi ve Detaylar - Turknet Blog","description":"Wednesday dizisinin 2. sezonu ne zaman yay\u0131nlanacak? Yeni sezona dair tarih, oyuncu kadrosu ve merak edilen t\u00fcm detaylar bu i\u00e7erikte sizi bekliyor!","robots":{"index":"index","follow":"follow","max-snippet":"max-snippet:-1","max-image-preview":"max-image-preview:large","max-video-preview":"max-video-preview:-1"},"canonical":"https:\/\/www.turk.net\/blog\/wednesday-geri-donuyor-2-sezon-yayin-tarihi-ve-detaylar\/","og_locale":"tr_TR","og_type":"article","og_title":"Wednesday Geri D\u00f6n\u00fcyor! 2. Sezon Yay\u0131n Tarihi ve Detaylar - Turknet Blog","og_description":"Wednesday dizisinin 2. sezonu ne zaman yay\u0131nlanacak? Yeni sezona dair tarih, oyuncu kadrosu ve merak edilen t\u00fcm detaylar bu i\u00e7erikte sizi bekliyor!","og_url":"https:\/\/www.turk.net\/blog\/wednesday-geri-donuyor-2-sezon-yayin-tarihi-ve-detaylar\/","og_site_name":"Turknet Blog","article_published_time":"2025-05-29T12:01:17+00:00","article_modified_time":"2025-06-19T07:53:21+00:00","og_image":[{"width":1124,"height":752,"url":"https:\/\/www.turk.net\/blog\/wp-content\/uploads\/wednesday-geri-donuyor-2-sezon-yayin-tarihi-ve-detaylar.jpg","type":"image\/jpeg"}],"author":"Turknet Blog Admin","twitter_card":"summary_large_image","twitter_misc":{"Yazan:":"Turknet Blog Admin","Tahmini okuma s\u00fcresi":"4 dakika"},"schema":{"@context":"https:\/\/schema.org","@graph":[{"@type":"WebPage","@id":"https:\/\/www.turk.net\/blog\/wednesday-geri-donuyor-2-sezon-yayin-tarihi-ve-detaylar\/","url":"https:\/\/www.turk.net\/blog\/wednesday-geri-donuyor-2-sezon-yayin-tarihi-ve-detaylar\/","name":"Wednesday Geri D\u00f6n\u00fcyor! 2. Sezon Yay\u0131n Tarihi ve Detaylar - Turknet Blog","isPartOf":{"@id":"https:\/\/www.turk.net\/blog\/#website"},"datePublished":"2025-05-29T12:01:17+00:00","dateModified":"2025-06-19T07:53:21+00:00","author":{"@id":"https:\/\/www.turk.net\/blog\/#\/schema\/person\/be66cf5fa51316d9ae87676100375fca"},"description":"Wednesday dizisinin 2. sezonu ne zaman yay\u0131nlanacak? Yeni sezona dair tarih, oyuncu kadrosu ve merak edilen t\u00fcm detaylar bu i\u00e7erikte sizi bekliyor!","breadcrumb":{"@id":"https:\/\/www.turk.net\/blog\/wednesday-geri-donuyor-2-sezon-yayin-tarihi-ve-detaylar\/#breadcrumb"},"inLanguage":"tr","potentialAction":[{"@type":"ReadAction","target":["https:\/\/www.turk.net\/blog\/wednesday-geri-donuyor-2-sezon-yayin-tarihi-ve-detaylar\/"]}]},{"@type":"BreadcrumbList","@id":"https:\/\/www.turk.net\/blog\/wednesday-geri-donuyor-2-sezon-yayin-tarihi-ve-detaylar\/#breadcrumb","itemListElement":[{"@type":"ListItem","position":1,"name":"Anasayfa","item":"https:\/\/www.turk.net\/blog\/"},{"@type":"ListItem","position":2,"name":"G\u00fcncel Ya\u015fam","item":"https:\/\/www.turk.net\/blog\/kategoriler\/guncel-yasam\/"},{"@type":"ListItem","position":3,"name":"Wednesday Geri D\u00f6n\u00fcyor! 2. Sezon Yay\u0131n Tarihi ve Detaylar"}]},{"@type":"WebSite","@id":"https:\/\/www.turk.net\/blog\/#website","url":"https:\/\/www.turk.net\/blog\/","name":"Turknet Blog","description":"Blog Yaz\u0131lar\u0131 ve Makaleler","potentialAction":[{"@type":"SearchAction","target":{"@type":"EntryPoint","urlTemplate":"https:\/\/www.turk.net\/blog\/?s={search_term_string}"},"query-input":"required name=search_term_string"}],"inLanguage":"tr"},{"@type":"Person","@id":"https:\/\/www.turk.net\/blog\/#\/schema\/person\/be66cf5fa51316d9ae87676100375fca","name":"Turknet Blog Admin"}]}},"_links":{"self":[{"href":"https:\/\/www.turk.net\/blog\/wp-json\/wp\/v2\/posts\/8850","targetHints":{"allow":["GET"]}}],"collection":[{"href":"https:\/\/www.turk.net\/blog\/wp-json\/wp\/v2\/posts"}],"about":[{"href":"https:\/\/www.turk.net\/blog\/wp-json\/wp\/v2\/types\/post"}],"author":[{"embeddable":true,"href":"https:\/\/www.turk.net\/blog\/wp-json\/wp\/v2\/users\/7"}],"replies":[{"embeddable":true,"href":"https:\/\/www.turk.net\/blog\/wp-json\/wp\/v2\/comments?post=8850"}],"version-history":[{"count":2,"href":"https:\/\/www.turk.net\/blog\/wp-json\/wp\/v2\/posts\/8850\/revisions"}],"predecessor-version":[{"id":8922,"href":"https:\/\/www.turk.net\/blog\/wp-json\/wp\/v2\/posts\/8850\/revisions\/8922"}],"wp:featuredmedia":[{"embeddable":true,"href":"https:\/\/www.turk.net\/blog\/wp-json\/wp\/v2\/media\/8852"}],"wp:attachment":[{"href":"https:\/\/www.turk.net\/blog\/wp-json\/wp\/v2\/media?parent=8850"}],"wp:term":[{"taxonomy":"category","embeddable":true,"href":"https:\/\/www.turk.net\/blog\/wp-json\/wp\/v2\/categories?post=8850"},{"taxonomy":"post_tag","embeddable":true,"href":"https:\/\/www.turk.net\/blog\/wp-json\/wp\/v2\/tags?post=8850"}],"curies":[{"name":"wp","href":"https:\/\/api.w.org\/{rel}","templated":true}]}}