{"id":7112,"date":"2024-03-12T10:31:11","date_gmt":"2024-03-12T07:31:11","guid":{"rendered":"https:\/\/turk.net\/blog\/?p=7112"},"modified":"2025-11-05T16:24:59","modified_gmt":"2025-11-05T13:24:59","slug":"vizesiz-seyahat-edilebilecek-ulkeler","status":"publish","type":"post","link":"https:\/\/www.turk.net\/blog\/vizesiz-seyahat-edilebilecek-ulkeler\/","title":{"rendered":"Vizesiz Seyahat Edilebilecek \u00dclkeler"},"content":{"rendered":"<p>D\u00fcnya ke\u015ffedilmeyi bekleyen pek \u00e7ok g\u00fczelliklerle dolu. Farkl\u0131 co\u011frafyalara yolculuk etmek, bilinmeyen sokaklarda kaybolmak ve yeni k\u00fclt\u00fcrlerle tan\u0131\u015fmak i\u00e7in seyahat etmek gibisi yok.<\/p>\n<p>Neyse ki, vize ba\u015fvurular\u0131yla u\u011fra\u015fmak veya ba\u015fvurunun reddedilme riskiyle kar\u015f\u0131la\u015fmak gibi endi\u015feler olmadan, vizesiz seyahat edebilece\u011finiz pek \u00e7ok \u00fclke var. Sadece biletinizi al\u0131p bavul haz\u0131rlayarak, yeni maceralara do\u011fru yola \u00e7\u0131kabilirsiniz.<\/p>\n<p>Biz de sizin i\u00e7in vizesiz seyahat edebilece\u011finiz birka\u00e7 \u00fclkeyi inceledik.<\/p>\n<h3>Bosna Hersek<\/h3>\n<p>Balkanlardaki \u00fclkelerin \u00e7o\u011fu vize istemiyor. Biz rotam\u0131z\u0131 Bosna Hersek\u2019e \u00e7evirdik. Bosna Hersek\u2019in ba\u015fkenti Saraybosna, camileri ve \u00e7ar\u015f\u0131lar\u0131yla Bursa\u2019y\u0131 and\u0131r\u0131rken, di\u011fer yandan kiliseleri ile farkl\u0131 k\u00fclt\u00fcrlerin bulu\u015ftu\u011fu bir \u015fehir. Ayr\u0131ca sava\u015f\u0131n izlerini ta\u015f\u0131yan \u00e7ok say\u0131da m\u00fcze ve de\u011ferli yap\u0131y\u0131 da burada g\u00f6rebilirsiniz.<\/p>\n<p>Bosna Hersek\u2019te mutlaka g\u00f6rmeniz gereken bir di\u011fer \u015fehir ise k\u00f6pr\u00fcs\u00fc ile \u00fcnl\u00fc Mostar. \u015eehrin iki yakas\u0131n\u0131 birle\u015ftiren Mostar K\u00f6pr\u00fcs\u00fc\u2019nde evlenmek isteyen gen\u00e7lerin cesaretlerini kan\u0131tlamak i\u00e7in bu k\u00f6pr\u00fcden atlad\u0131klar\u0131 rivayet edilir. G\u00fcn\u00fcm\u00fczde ise belirli bir \u00fccret kar\u015f\u0131l\u0131\u011f\u0131nda yerli halk taraf\u0131ndan atlay\u0131\u015flar ger\u00e7ekle\u015fiyor. \u015eansl\u0131ysan\u0131z, bu etkileyici g\u00f6sterilere denk gelebilirsiniz.<\/p>\n<h3>Karada\u011f<\/h3>\n<p>S\u00f6z Balkan \u00fclkelerinden a\u00e7\u0131lm\u0131\u015fken ikinci \u00f6nerimiz de yine bu b\u00f6lgeden: Karada\u011f. Kotor ve Budva, Karada\u011f\u2019\u0131n en pop\u00fcler iki \u015fehri. \u00d6zellikle Kotor, do\u011fa ile i\u00e7 i\u00e7e huzurlu bir tatil yapmak isteyenler i\u00e7in olduk\u00e7a ideal. UNESCO taraf\u0131ndan d\u00fcnya miraslar\u0131 listesinde yer alan bu sahil kasabas\u0131nda, dar sokaklar\u0131n ve ta\u015f kald\u0131r\u0131mlar\u0131n oldu\u011fu eski \u015fehri, sizi hemen meydanda bir asker edas\u0131yla kar\u015f\u0131layan saat kulesini ve \u015fehrin tarihini \u00e7ok daha yak\u0131ndan \u00f6\u011frenmenize imk\u00e2n tan\u0131yan Kotor Denizcilik M\u00fczesi\u2019ni gezmeyi unutmay\u0131n.<\/p>\n<p>Budva ise hem deniz hem de k\u00fclt\u00fcr tatili yapmak i\u00e7in iyi bir se\u00e7enek. Yunan, Bizans ve Roma uygarl\u0131klar\u0131 d\u00f6nemine ait eserlerin sergilendi\u011fi Budva \u015eehir M\u00fczesi\u2019ne ve kayal\u0131k \u00fczerine kurulu bir kaleden olu\u015fan eski \u015fehre hayran kalmamak neredeyse imk\u00e2ns\u0131z.<\/p>\n<p>&nbsp;<\/p>\n<h3>G\u00fcrcistan<\/h3>\n<p>\u015eimdi biraz Balkanlardan \u00e7\u0131kal\u0131m ve rotam\u0131z\u0131 G\u00fcrcistan\u2019a \u00e7evirelim. Dilerseniz Artvin\u2019den g\u00fcn\u00fc birlik gezilerle sadece kimli\u011finizle birlikte bu \u00fclkeye giri\u015f yapabilirsiniz. G\u00fcrcistan\u2019\u0131n en turistik \u015fehri ise Batum\u2019dur.<br \/>\nBatum\u2019da \u015fehrin ana meydan\u0131nda sizi b\u00fcy\u00fck f\u0131skiyeli bir havuz kar\u015f\u0131lar. Meydan\u0131n en \u00f6nemli simgelerinden biri olarak kabul edilen bu havuzda elinde alt\u0131n koyun postu tutan Medea Heykeli vard\u0131r.<br \/>\nBu heykele selam verip, Karadeniz\u2019in muhte\u015fem manzaras\u0131 e\u015fli\u011finde Batum Bulvar\u0131\u2019nda y\u00fcr\u00fcy\u00fc\u015f yapabilir, Atat\u00fcrk Evi\u2019ni ziyaret edebilir ve 5 binden fazla botanik t\u00fcr\u00fcne ev sahipli\u011fi yapan Batum Botanik Bah\u00e7esi\u2019ni g\u00f6rmeye gidebilirsiniz.<\/p>\n<h3>Fas<\/h3>\n<p>Vizesiz seyahat edebilece\u011finiz bir di\u011fer \u00fclke ise Fas. Farkl\u0131 co\u011frafya ve k\u00fclt\u00fcrlerin uyumuna \u015fahit olmak istiyorsan\u0131z kesinlikle rotan\u0131z\u0131 Fas\u2019a \u00e7evirmelisiniz. Fas\u2019\u0131n en pop\u00fcler \u015fehirlerinden biri olan Marake\u015f ilk gidece\u011finiz yer olmal\u0131. Marake\u015f\u2019te y\u0131lan oynat\u0131c\u0131lar\u0131, rengarenk \u00fcr\u00fcnlerin sat\u0131ld\u0131\u011f\u0131 stantlar\u0131 ile Jamaa El-Fna meydan\u0131 size bir filmde oldu\u011funuz hissiyat\u0131n\u0131 verir.<br \/>\nFas\u2019a gitmi\u015fken derisi ve tabakhaneleri ile \u00fcnl\u00fc Fes, dar sokaklar\u0131 ve evleri ile her yerin maviye boyand\u0131\u011f\u0131 \u015eaf\u015fafan ve filmi ile ak\u0131llara kazanan Kazablanka \u015fehirlerini g\u00f6rmeden d\u00f6nmek olmaz. Ve tabii ki Sahra \u00c7\u00f6l\u00fc\u2019nde 2 g\u00fcnl\u00fck bir tur, tatilinizi unutulmaz k\u0131lacakt\u0131r.<\/p>\n","protected":false},"excerpt":{"rendered":"<p>D\u00fcnya ke\u015ffedilmeyi bekleyen pek \u00e7ok g\u00fczelliklerle dolu. Farkl\u0131 co\u011frafyalara yolculuk etmek, bilinmeyen sokaklarda kaybolmak ve yeni k\u00fclt\u00fcrlerle tan\u0131\u015fmak i\u00e7in seyahat etmek gibisi yok. Neyse ki, vize ba\u015fvurular\u0131yla u\u011fra\u015fmak veya ba\u015fvurunun reddedilme riskiyle kar\u015f\u0131la\u015fmak gibi endi\u015feler olmadan, vizesiz seyahat edebilece\u011finiz pek \u00e7ok \u00fclke var. Sadece biletinizi al\u0131p bavul haz\u0131rlayarak, yeni maceralara do\u011fru yola \u00e7\u0131kabilirsiniz. Biz de [&hellip;]<\/p>\n","protected":false},"author":11,"featured_media":7113,"comment_status":"open","ping_status":"open","sticky":false,"template":"","format":"standard","meta":{"footnotes":""},"categories":[1],"tags":[],"class_list":["post-7112","post","type-post","status-publish","format-standard","has-post-thumbnail","hentry","category-guncel-yasam"],"acf":[],"yoast_head":"<!-- This site is optimized with the Yoast SEO plugin v21.6 - https:\/\/yoast.com\/wordpress\/plugins\/seo\/ -->\n<title>Vizesiz Seyahat Edilebilecek \u00dclkeler - Turknet Blog<\/title>\n<meta name=\"description\" content=\"2024 y\u0131l\u0131nda vizesiz seyahat edebilece\u011finiz \u00fclkeleri sizler i\u00e7in s\u0131ralad\u0131k. Detayl\u0131 olarak incelemek i\u00e7in hemen sayfam\u0131z\u0131 ziyaret edin!\" \/>\n<meta name=\"robots\" content=\"index, follow, max-snippet:-1, max-image-preview:large, max-video-preview:-1\" \/>\n<link rel=\"canonical\" href=\"https:\/\/www.turk.net\/blog\/vizesiz-seyahat-edilebilecek-ulkeler\/\" \/>\n<meta property=\"og:locale\" content=\"tr_TR\" \/>\n<meta property=\"og:type\" content=\"article\" \/>\n<meta property=\"og:title\" content=\"Vizesiz Seyahat Edilebilecek \u00dclkeler - Turknet Blog\" \/>\n<meta property=\"og:description\" content=\"2024 y\u0131l\u0131nda vizesiz seyahat edebilece\u011finiz \u00fclkeleri sizler i\u00e7in s\u0131ralad\u0131k. Detayl\u0131 olarak incelemek i\u00e7in hemen sayfam\u0131z\u0131 ziyaret edin!\" \/>\n<meta property=\"og:url\" content=\"https:\/\/www.turk.net\/blog\/vizesiz-seyahat-edilebilecek-ulkeler\/\" \/>\n<meta property=\"og:site_name\" content=\"Turknet Blog\" \/>\n<meta property=\"article:published_time\" content=\"2024-03-12T07:31:11+00:00\" \/>\n<meta property=\"article:modified_time\" content=\"2025-11-05T13:24:59+00:00\" \/>\n<meta property=\"og:image\" content=\"https:\/\/www.turk.net\/blog\/wp-content\/uploads\/2024-Y\u2500\u2592l\u2500\u2592nda-Vizesiz-Gidebileceg\u2560ainiz-U\u2560elkeler.jpg\" \/>\n\t<meta property=\"og:image:width\" content=\"1128\" \/>\n\t<meta property=\"og:image:height\" content=\"752\" \/>\n\t<meta property=\"og:image:type\" content=\"image\/jpeg\" \/>\n<meta name=\"author\" content=\"Alpay Arzuo\u011fullar\u0131\" \/>\n<meta name=\"twitter:card\" content=\"summary_large_image\" \/>\n<meta name=\"twitter:label1\" content=\"Yazan:\" \/>\n\t<meta name=\"twitter:data1\" content=\"Alpay Arzuo\u011fullar\u0131\" \/>\n\t<meta name=\"twitter:label2\" content=\"Tahmini okuma s\u00fcresi\" \/>\n\t<meta name=\"twitter:data2\" content=\"3 dakika\" \/>\n<script type=\"application\/ld+json\" class=\"yoast-schema-graph\">{\"@context\":\"https:\/\/schema.org\",\"@graph\":[{\"@type\":\"WebPage\",\"@id\":\"https:\/\/www.turk.net\/blog\/vizesiz-seyahat-edilebilecek-ulkeler\/\",\"url\":\"https:\/\/www.turk.net\/blog\/vizesiz-seyahat-edilebilecek-ulkeler\/\",\"name\":\"Vizesiz Seyahat Edilebilecek \u00dclkeler - Turknet Blog\",\"isPartOf\":{\"@id\":\"https:\/\/www.turk.net\/blog\/#website\"},\"datePublished\":\"2024-03-12T07:31:11+00:00\",\"dateModified\":\"2025-11-05T13:24:59+00:00\",\"author\":{\"@id\":\"https:\/\/www.turk.net\/blog\/#\/schema\/person\/1879e300b77f3853a8306854d0eb31e2\"},\"description\":\"2024 y\u0131l\u0131nda vizesiz seyahat edebilece\u011finiz \u00fclkeleri sizler i\u00e7in s\u0131ralad\u0131k. Detayl\u0131 olarak incelemek i\u00e7in hemen sayfam\u0131z\u0131 ziyaret edin!\",\"breadcrumb\":{\"@id\":\"https:\/\/www.turk.net\/blog\/vizesiz-seyahat-edilebilecek-ulkeler\/#breadcrumb\"},\"inLanguage\":\"tr\",\"potentialAction\":[{\"@type\":\"ReadAction\",\"target\":[\"https:\/\/www.turk.net\/blog\/vizesiz-seyahat-edilebilecek-ulkeler\/\"]}]},{\"@type\":\"BreadcrumbList\",\"@id\":\"https:\/\/www.turk.net\/blog\/vizesiz-seyahat-edilebilecek-ulkeler\/#breadcrumb\",\"itemListElement\":[{\"@type\":\"ListItem\",\"position\":1,\"name\":\"Anasayfa\",\"item\":\"https:\/\/www.turk.net\/blog\/\"},{\"@type\":\"ListItem\",\"position\":2,\"name\":\"G\u00fcncel Ya\u015fam\",\"item\":\"https:\/\/www.turk.net\/blog\/kategoriler\/guncel-yasam\/\"},{\"@type\":\"ListItem\",\"position\":3,\"name\":\"Vizesiz Seyahat Edilebilecek \u00dclkeler\"}]},{\"@type\":\"WebSite\",\"@id\":\"https:\/\/www.turk.net\/blog\/#website\",\"url\":\"https:\/\/www.turk.net\/blog\/\",\"name\":\"Turknet Blog\",\"description\":\"Blog Yaz\u0131lar\u0131 ve Makaleler\",\"potentialAction\":[{\"@type\":\"SearchAction\",\"target\":{\"@type\":\"EntryPoint\",\"urlTemplate\":\"https:\/\/www.turk.net\/blog\/?s={search_term_string}\"},\"query-input\":\"required name=search_term_string\"}],\"inLanguage\":\"tr\"},{\"@type\":\"Person\",\"@id\":\"https:\/\/www.turk.net\/blog\/#\/schema\/person\/1879e300b77f3853a8306854d0eb31e2\",\"name\":\"Alpay Arzuo\u011fullar\u0131\"}]}<\/script>\n<!-- \/ Yoast SEO plugin. -->","yoast_head_json":{"title":"Vizesiz Seyahat Edilebilecek \u00dclkeler - Turknet Blog","description":"2024 y\u0131l\u0131nda vizesiz seyahat edebilece\u011finiz \u00fclkeleri sizler i\u00e7in s\u0131ralad\u0131k. Detayl\u0131 olarak incelemek i\u00e7in hemen sayfam\u0131z\u0131 ziyaret edin!","robots":{"index":"index","follow":"follow","max-snippet":"max-snippet:-1","max-image-preview":"max-image-preview:large","max-video-preview":"max-video-preview:-1"},"canonical":"https:\/\/www.turk.net\/blog\/vizesiz-seyahat-edilebilecek-ulkeler\/","og_locale":"tr_TR","og_type":"article","og_title":"Vizesiz Seyahat Edilebilecek \u00dclkeler - Turknet Blog","og_description":"2024 y\u0131l\u0131nda vizesiz seyahat edebilece\u011finiz \u00fclkeleri sizler i\u00e7in s\u0131ralad\u0131k. Detayl\u0131 olarak incelemek i\u00e7in hemen sayfam\u0131z\u0131 ziyaret edin!","og_url":"https:\/\/www.turk.net\/blog\/vizesiz-seyahat-edilebilecek-ulkeler\/","og_site_name":"Turknet Blog","article_published_time":"2024-03-12T07:31:11+00:00","article_modified_time":"2025-11-05T13:24:59+00:00","og_image":[{"width":1128,"height":752,"url":"https:\/\/www.turk.net\/blog\/wp-content\/uploads\/2024-Y\u2500\u2592l\u2500\u2592nda-Vizesiz-Gidebileceg\u2560ainiz-U\u2560elkeler.jpg","type":"image\/jpeg"}],"author":"Alpay Arzuo\u011fullar\u0131","twitter_card":"summary_large_image","twitter_misc":{"Yazan:":"Alpay Arzuo\u011fullar\u0131","Tahmini okuma s\u00fcresi":"3 dakika"},"schema":{"@context":"https:\/\/schema.org","@graph":[{"@type":"WebPage","@id":"https:\/\/www.turk.net\/blog\/vizesiz-seyahat-edilebilecek-ulkeler\/","url":"https:\/\/www.turk.net\/blog\/vizesiz-seyahat-edilebilecek-ulkeler\/","name":"Vizesiz Seyahat Edilebilecek \u00dclkeler - Turknet Blog","isPartOf":{"@id":"https:\/\/www.turk.net\/blog\/#website"},"datePublished":"2024-03-12T07:31:11+00:00","dateModified":"2025-11-05T13:24:59+00:00","author":{"@id":"https:\/\/www.turk.net\/blog\/#\/schema\/person\/1879e300b77f3853a8306854d0eb31e2"},"description":"2024 y\u0131l\u0131nda vizesiz seyahat edebilece\u011finiz \u00fclkeleri sizler i\u00e7in s\u0131ralad\u0131k. Detayl\u0131 olarak incelemek i\u00e7in hemen sayfam\u0131z\u0131 ziyaret edin!","breadcrumb":{"@id":"https:\/\/www.turk.net\/blog\/vizesiz-seyahat-edilebilecek-ulkeler\/#breadcrumb"},"inLanguage":"tr","potentialAction":[{"@type":"ReadAction","target":["https:\/\/www.turk.net\/blog\/vizesiz-seyahat-edilebilecek-ulkeler\/"]}]},{"@type":"BreadcrumbList","@id":"https:\/\/www.turk.net\/blog\/vizesiz-seyahat-edilebilecek-ulkeler\/#breadcrumb","itemListElement":[{"@type":"ListItem","position":1,"name":"Anasayfa","item":"https:\/\/www.turk.net\/blog\/"},{"@type":"ListItem","position":2,"name":"G\u00fcncel Ya\u015fam","item":"https:\/\/www.turk.net\/blog\/kategoriler\/guncel-yasam\/"},{"@type":"ListItem","position":3,"name":"Vizesiz Seyahat Edilebilecek \u00dclkeler"}]},{"@type":"WebSite","@id":"https:\/\/www.turk.net\/blog\/#website","url":"https:\/\/www.turk.net\/blog\/","name":"Turknet Blog","description":"Blog Yaz\u0131lar\u0131 ve Makaleler","potentialAction":[{"@type":"SearchAction","target":{"@type":"EntryPoint","urlTemplate":"https:\/\/www.turk.net\/blog\/?s={search_term_string}"},"query-input":"required name=search_term_string"}],"inLanguage":"tr"},{"@type":"Person","@id":"https:\/\/www.turk.net\/blog\/#\/schema\/person\/1879e300b77f3853a8306854d0eb31e2","name":"Alpay Arzuo\u011fullar\u0131"}]}},"_links":{"self":[{"href":"https:\/\/www.turk.net\/blog\/wp-json\/wp\/v2\/posts\/7112","targetHints":{"allow":["GET"]}}],"collection":[{"href":"https:\/\/www.turk.net\/blog\/wp-json\/wp\/v2\/posts"}],"about":[{"href":"https:\/\/www.turk.net\/blog\/wp-json\/wp\/v2\/types\/post"}],"author":[{"embeddable":true,"href":"https:\/\/www.turk.net\/blog\/wp-json\/wp\/v2\/users\/11"}],"replies":[{"embeddable":true,"href":"https:\/\/www.turk.net\/blog\/wp-json\/wp\/v2\/comments?post=7112"}],"version-history":[{"count":5,"href":"https:\/\/www.turk.net\/blog\/wp-json\/wp\/v2\/posts\/7112\/revisions"}],"predecessor-version":[{"id":9676,"href":"https:\/\/www.turk.net\/blog\/wp-json\/wp\/v2\/posts\/7112\/revisions\/9676"}],"wp:featuredmedia":[{"embeddable":true,"href":"https:\/\/www.turk.net\/blog\/wp-json\/wp\/v2\/media\/7113"}],"wp:attachment":[{"href":"https:\/\/www.turk.net\/blog\/wp-json\/wp\/v2\/media?parent=7112"}],"wp:term":[{"taxonomy":"category","embeddable":true,"href":"https:\/\/www.turk.net\/blog\/wp-json\/wp\/v2\/categories?post=7112"},{"taxonomy":"post_tag","embeddable":true,"href":"https:\/\/www.turk.net\/blog\/wp-json\/wp\/v2\/tags?post=7112"}],"curies":[{"name":"wp","href":"https:\/\/api.w.org\/{rel}","templated":true}]}}